{"id":1321,"date":"2025-09-16T20:38:31","date_gmt":"2025-09-16T23:38:31","guid":{"rendered":"https:\/\/www.reabilite-se.com\/site\/?p=1321"},"modified":"2025-11-12T16:55:34","modified_gmt":"2025-11-12T19:55:34","slug":"mitos-dor-lateral-quadril","status":"publish","type":"post","link":"https:\/\/www.reabilite-se.com\/site\/mitos-dor-lateral-quadril\/","title":{"rendered":"Mitos relacionados \u00e0 dor lateral do quadril"},"content":{"rendered":"\n<p>A <strong>tendinopatia gl\u00fatea<\/strong>, erroneamente popularizada como <strong>bursite do quadril<\/strong>, \u00e9 uma condi\u00e7\u00e3o muito frequente e incapacitante. Por muitos anos, o manejo da dor lateral do quadril foi guiado por conhecimentos adquiridos na pr\u00e1tica cl\u00ednica. Por\u00e9m, na \u00faltima d\u00e9cada, as pesquisas avan\u00e7aram fortemente, permitindo a pr\u00e1tica baseada em evid\u00eancias no diagn\u00f3stico e tratamento da dor lateral de quadril de origem em tecidos moles, principalmente a tendinopatia gl\u00fatea.<\/p>\n\n\n\n<p>Com o objetivo de educar nossos pacientes, elaboramos este material baseado nos artigos de uma das maiores pesquisadoras na \u00e1rea de reabilita\u00e7\u00e3o do quadril, Alison Grimaldi.<\/p>\n\n\n\n<h2>Mito 1: A dor lateral do quadril (trocant\u00e9rica) \u00e9 causada pela inflama\u00e7\u00e3o da bursa (bursite).<\/h2>\n\n\n\n<p><strong>Realidade:<\/strong> A principal patologia associada \u00e0 dor lateral do quadril \u00e9 a tendinopatia do gl\u00fateo m\u00e9dio e m\u00ednimo. Estudos mostram que a distens\u00e3o da bursa pode coexistir com a patologia do tend\u00e3o em alguns casos (20-30%), mas raramente ocorre isoladamente (2-8%). O tratamento deve focar em educa\u00e7\u00e3o e exerc\u00edcios terap\u00eauticos, e n\u00e3o em medicamentos anti-inflamat\u00f3rios e repouso.<\/p>\n\n\n\n<h2>Mito 2: A tendinopatia gl\u00fatea ocorre apenas em mulheres na p\u00f3s-menopausa.<\/h2>\n\n\n\n<p><strong>Realidade:<\/strong> Embora a preval\u00eancia seja maior em mulheres na p\u00f3s-menopausa, tamb\u00e9m pode ocorrer em homens, mulheres mais jovens (especialmente no per\u00edodo p\u00f3s-parto), pessoas com osteoartrite e ap\u00f3s a coloca\u00e7\u00e3o de pr\u00f3tese no quadril.<\/p>\n\n\n\n<h2>Mito 3: A palpa\u00e7\u00e3o do troc\u00e2nter maior \u00e9 suficiente para o diagn\u00f3stico.<\/h2>\n\n\n\n<p><strong>Realidade:<\/strong> A palpa\u00e7\u00e3o \u00e9 \u00fatil para descartar a tendinopatia gl\u00fatea se n\u00e3o houver dor, mas n\u00e3o \u00e9 adequada por si s\u00f3 para confirmar o diagn\u00f3stico, pois muitos indiv\u00edduos assintom\u00e1ticos podem ter sensibilidade. A precis\u00e3o do diagn\u00f3stico melhora significativamente quando a palpa\u00e7\u00e3o positiva (sensibilidade no troc\u00e2nter maior) \u00e9 combinada com dor na abdu\u00e7\u00e3o do quadril resistida ou no teste de apoio unipodal por 30 segundos.<\/p>\n\n\n\n<h2>Mito 4: O diagn\u00f3stico e o plano de tratamento devem se basear somente em exames de imagem.<\/h2>\n\n\n\n<p><strong>Realidade:<\/strong> Achados de imagem n\u00e3o s\u00e3o bons preditores de sintomas, pois altera\u00e7\u00f5es tend\u00edneas e da bursa s\u00e3o comuns mesmo em pessoas sem dor. Assim, os achados de imagem devem sempre ser combinados com o exame cl\u00ednico para determinar o diagn\u00f3stico.<\/p>\n\n\n\n<h2>Mito 5: A tendinopatia gl\u00fatea \u00e9 uma condi\u00e7\u00e3o que se resolve espontaneamente.<\/h2>\n\n\n\n<p><strong>Realidade:<\/strong> A ideia de que \u201cmelhora sozinha\u201d n\u00e3o se sustenta. Muitos pacientes apresentam sintomas persistentes por anos, e pode haver rela\u00e7\u00e3o com desenvolvimento de osteoartrite. A interven\u00e7\u00e3o precoce pode reduzir a chance da condi\u00e7\u00e3o se tornar cr\u00f4nica.<\/p>\n\n\n\n<h2>Mito 6: A tendinopatia gl\u00fatea \u00e9 causada pelo encurtamento do trato iliotibial sendo o tratamento baseado no alongamento dessa estrutura.<\/h2>\n\n\n\n<p><strong>Realidade:<\/strong> N\u00e3o h\u00e1 evid\u00eancias de que o encurtamento do trato iliotibial cause tendinopatia. Ao contr\u00e1rio, alongar pode at\u00e9 piorar os sintomas, j\u00e1 que aumenta a compress\u00e3o tend\u00ednea. Mesmo na presen\u00e7a de amplitude de movimento reduzida em adu\u00e7\u00e3o de quadril, o alongamento para tendinopatia pode ser prejudicial.<\/p>\n\n\n\n<h2>Mito 7: A inje\u00e7\u00e3o de corticosteroide deve ser a primeira escolha no tratamento.<\/h2>\n\n\n\n<p><strong>Realidade:<\/strong> O tratamento com educa\u00e7\u00e3o e exerc\u00edcios demonstrou ser superior no curto e longo prazo. Al\u00e9m disso, as inje\u00e7\u00f5es podem prejudicar a sa\u00fade do tend\u00e3o, apesar do al\u00edvio da dor no curto prazo.<\/p>\n\n\n\n<h2>Mito 8: O exerc\u00edcio da \u201cconcha\u201d \u00e9 o melhor para fortalecer os abdutores do quadril.<\/h2>\n\n\n\n<p><strong>Realidade: <\/strong>Promove cargas compressivas nos tend\u00f5es, o que pode provocar dor. Exerc\u00edcios em p\u00e9 como o agachamento unilateral ou levantamento terra, s\u00e3o op\u00e7\u00f5es melhores e se aproximam muito mais da fun\u00e7\u00e3o dos m\u00fasculos gl\u00fateo m\u00e9dio e m\u00ednimo.<\/p>\n\n\n\n<h2>Mito 9: Todas as rupturas de tend\u00e3o do gl\u00fateo precisam de cirurgia.<\/h2>\n\n\n\n<p><strong>Realidade<\/strong>: A maioria das rupturas n\u00e3o necessitam interven\u00e7\u00e3o cir\u00fargica, tendo bons resultados atrav\u00e9s do tratamento conservador. A cirurgia \u00e9 indicada apenas em casos de avuls\u00e3o, fraqueza persistente, marcha de Trendelenburg e dor\/disfun\u00e7\u00e3o com dura\u00e7\u00e3o superior a 3 meses de tratamento conservador.<\/p>\n\n\n\n<p>A educa\u00e7\u00e3o e exerc\u00edcios terap\u00eauticos orientados por um fisioterapeuta capacitado, demonstraram ser a primeira linha de tratamento para a tendinopatia gl\u00fatea, inclusive sendo superior \u00e0 inje\u00e7\u00e3o de corticosteroides.<\/p>\n\n\n\n<p>Com o avan\u00e7o das pesquisas na \u00e1rea da fisioterapia, \u00e9 hora de os profissionais de sa\u00fade deixarem de lado os mitos e se envolverem com as evid\u00eancias de diagn\u00f3stico e tratamento da tendinopatia gl\u00fatea.<\/p>\n\n\n\n<p>Se voc\u00ea sofre com tendinopatia gl\u00fatea ou bursite do quadril, agende uma avalia\u00e7\u00e3o com a gente. Realizamos atendimento fisioterap\u00eautico em nosso consult\u00f3rio e \u00e0 domic\u00edlio.<\/p>\n\n\n\n<p><strong>Fonte<\/strong>: GRIMALDI A., et al. Gluteal tendinopathy masterclass: Refuting the myths and engaging with the evidence. Musculoskelet Sci Pract. 2025 Apr:76:103253.<\/p>\n","protected":false},"excerpt":{"rendered":"<p>A tendinopatia gl\u00fatea, erroneamente popularizada como bursite do quadril, \u00e9 uma condi\u00e7\u00e3o muito frequente e incapacitante. Por muitos anos, o manejo da dor lateral do quadril foi guiado por conhecimentos adquiridos na pr\u00e1tica cl\u00ednica. Por\u00e9m, na \u00faltima d\u00e9cada, as pesquisas<span class=\"excerpt-hellip\"> [\u2026]<\/span><\/p>\n","protected":false},"author":2,"featured_media":1325,"comment_status":"open","ping_status":"closed","sticky":false,"template":"","format":"standard","meta":[],"categories":[13,8],"tags":[],"yoast_head":"<!-- This site is optimized with the Yoast SEO plugin v20.0 - https:\/\/yoast.com\/wordpress\/plugins\/seo\/ -->\n<title>Mitos relacionados \u00e0 dor lateral do quadril - Reabilite-se Fisioterapia<\/title>\n<meta name=\"robots\" content=\"index, follow, max-snippet:-1, max-image-preview:large, max-video-preview:-1\" \/>\n<link rel=\"canonical\" href=\"https:\/\/www.reabilite-se.com\/site\/mitos-dor-lateral-quadril\/\" \/>\n<meta property=\"og:locale\" content=\"pt_BR\" \/>\n<meta property=\"og:type\" content=\"article\" \/>\n<meta property=\"og:title\" content=\"Mitos relacionados \u00e0 dor lateral do quadril - Reabilite-se Fisioterapia\" \/>\n<meta property=\"og:description\" content=\"A tendinopatia gl\u00fatea, erroneamente popularizada como bursite do quadril, \u00e9 uma condi\u00e7\u00e3o muito frequente e incapacitante. Por muitos anos, o manejo da dor lateral do quadril foi guiado por conhecimentos adquiridos na pr\u00e1tica cl\u00ednica. Por\u00e9m, na \u00faltima d\u00e9cada, as pesquisas [\u2026]\" \/>\n<meta property=\"og:url\" content=\"https:\/\/www.reabilite-se.com\/site\/mitos-dor-lateral-quadril\/\" \/>\n<meta property=\"og:site_name\" content=\"Reabilite-se Fisioterapia\" \/>\n<meta property=\"article:published_time\" content=\"2025-09-16T23:38:31+00:00\" \/>\n<meta property=\"article:modified_time\" content=\"2025-11-12T19:55:34+00:00\" \/>\n<meta property=\"og:image\" content=\"https:\/\/www.reabilite-se.com\/site\/wp-content\/uploads\/2025\/09\/Mitos-relacionados-a-dor-lateral-do-quadril-1.jpg\" \/>\n\t<meta property=\"og:image:width\" content=\"1024\" \/>\n\t<meta property=\"og:image:height\" content=\"686\" \/>\n\t<meta property=\"og:image:type\" content=\"image\/jpeg\" \/>\n<meta name=\"author\" content=\"Fisioterapia\" \/>\n<meta name=\"twitter:card\" content=\"summary_large_image\" \/>\n<meta name=\"twitter:label1\" content=\"Escrito por\" \/>\n\t<meta name=\"twitter:data1\" content=\"Fisioterapia\" \/>\n\t<meta name=\"twitter:label2\" content=\"Est. tempo de leitura\" \/>\n\t<meta name=\"twitter:data2\" content=\"4 minutos\" \/>\n<script type=\"application\/ld+json\" class=\"yoast-schema-graph\">{\"@context\":\"https:\/\/schema.org\",\"@graph\":[{\"@type\":\"WebPage\",\"@id\":\"https:\/\/www.reabilite-se.com\/site\/mitos-dor-lateral-quadril\/\",\"url\":\"https:\/\/www.reabilite-se.com\/site\/mitos-dor-lateral-quadril\/\",\"name\":\"Mitos relacionados \u00e0 dor lateral do quadril - Reabilite-se Fisioterapia\",\"isPartOf\":{\"@id\":\"https:\/\/www.reabilite-se.com\/site\/#website\"},\"datePublished\":\"2025-09-16T23:38:31+00:00\",\"dateModified\":\"2025-11-12T19:55:34+00:00\",\"author\":{\"@id\":\"https:\/\/www.reabilite-se.com\/site\/#\/schema\/person\/9de38cff48ec0b9e1a31404cfe93694d\"},\"breadcrumb\":{\"@id\":\"https:\/\/www.reabilite-se.com\/site\/mitos-dor-lateral-quadril\/#breadcrumb\"},\"inLanguage\":\"pt-BR\",\"potentialAction\":[{\"@type\":\"ReadAction\",\"target\":[\"https:\/\/www.reabilite-se.com\/site\/mitos-dor-lateral-quadril\/\"]}]},{\"@type\":\"BreadcrumbList\",\"@id\":\"https:\/\/www.reabilite-se.com\/site\/mitos-dor-lateral-quadril\/#breadcrumb\",\"itemListElement\":[{\"@type\":\"ListItem\",\"position\":1,\"name\":\"In\u00edcio\",\"item\":\"https:\/\/www.reabilite-se.com\/site\/\"},{\"@type\":\"ListItem\",\"position\":2,\"name\":\"Mitos relacionados \u00e0 dor lateral do quadril\"}]},{\"@type\":\"WebSite\",\"@id\":\"https:\/\/www.reabilite-se.com\/site\/#website\",\"url\":\"https:\/\/www.reabilite-se.com\/site\/\",\"name\":\"Reabilite-se Fisioterapia\",\"description\":\"Consult\u00f3rio de Fisioterapia em Caxias do Sul\",\"potentialAction\":[{\"@type\":\"SearchAction\",\"target\":{\"@type\":\"EntryPoint\",\"urlTemplate\":\"https:\/\/www.reabilite-se.com\/site\/?s={search_term_string}\"},\"query-input\":\"required name=search_term_string\"}],\"inLanguage\":\"pt-BR\"},{\"@type\":\"Person\",\"@id\":\"https:\/\/www.reabilite-se.com\/site\/#\/schema\/person\/9de38cff48ec0b9e1a31404cfe93694d\",\"name\":\"Fisioterapia\"}]}<\/script>\n<!-- \/ Yoast SEO plugin. -->","yoast_head_json":{"title":"Mitos relacionados \u00e0 dor lateral do quadril - Reabilite-se Fisioterapia","robots":{"index":"index","follow":"follow","max-snippet":"max-snippet:-1","max-image-preview":"max-image-preview:large","max-video-preview":"max-video-preview:-1"},"canonical":"https:\/\/www.reabilite-se.com\/site\/mitos-dor-lateral-quadril\/","og_locale":"pt_BR","og_type":"article","og_title":"Mitos relacionados \u00e0 dor lateral do quadril - Reabilite-se Fisioterapia","og_description":"A tendinopatia gl\u00fatea, erroneamente popularizada como bursite do quadril, \u00e9 uma condi\u00e7\u00e3o muito frequente e incapacitante. Por muitos anos, o manejo da dor lateral do quadril foi guiado por conhecimentos adquiridos na pr\u00e1tica cl\u00ednica. Por\u00e9m, na \u00faltima d\u00e9cada, as pesquisas [\u2026]","og_url":"https:\/\/www.reabilite-se.com\/site\/mitos-dor-lateral-quadril\/","og_site_name":"Reabilite-se Fisioterapia","article_published_time":"2025-09-16T23:38:31+00:00","article_modified_time":"2025-11-12T19:55:34+00:00","og_image":[{"width":1024,"height":686,"url":"https:\/\/www.reabilite-se.com\/site\/wp-content\/uploads\/2025\/09\/Mitos-relacionados-a-dor-lateral-do-quadril-1.jpg","type":"image\/jpeg"}],"author":"Fisioterapia","twitter_card":"summary_large_image","twitter_misc":{"Escrito por":"Fisioterapia","Est. tempo de leitura":"4 minutos"},"schema":{"@context":"https:\/\/schema.org","@graph":[{"@type":"WebPage","@id":"https:\/\/www.reabilite-se.com\/site\/mitos-dor-lateral-quadril\/","url":"https:\/\/www.reabilite-se.com\/site\/mitos-dor-lateral-quadril\/","name":"Mitos relacionados \u00e0 dor lateral do quadril - Reabilite-se Fisioterapia","isPartOf":{"@id":"https:\/\/www.reabilite-se.com\/site\/#website"},"datePublished":"2025-09-16T23:38:31+00:00","dateModified":"2025-11-12T19:55:34+00:00","author":{"@id":"https:\/\/www.reabilite-se.com\/site\/#\/schema\/person\/9de38cff48ec0b9e1a31404cfe93694d"},"breadcrumb":{"@id":"https:\/\/www.reabilite-se.com\/site\/mitos-dor-lateral-quadril\/#breadcrumb"},"inLanguage":"pt-BR","potentialAction":[{"@type":"ReadAction","target":["https:\/\/www.reabilite-se.com\/site\/mitos-dor-lateral-quadril\/"]}]},{"@type":"BreadcrumbList","@id":"https:\/\/www.reabilite-se.com\/site\/mitos-dor-lateral-quadril\/#breadcrumb","itemListElement":[{"@type":"ListItem","position":1,"name":"In\u00edcio","item":"https:\/\/www.reabilite-se.com\/site\/"},{"@type":"ListItem","position":2,"name":"Mitos relacionados \u00e0 dor lateral do quadril"}]},{"@type":"WebSite","@id":"https:\/\/www.reabilite-se.com\/site\/#website","url":"https:\/\/www.reabilite-se.com\/site\/","name":"Reabilite-se Fisioterapia","description":"Consult\u00f3rio de Fisioterapia em Caxias do Sul","potentialAction":[{"@type":"SearchAction","target":{"@type":"EntryPoint","urlTemplate":"https:\/\/www.reabilite-se.com\/site\/?s={search_term_string}"},"query-input":"required name=search_term_string"}],"inLanguage":"pt-BR"},{"@type":"Person","@id":"https:\/\/www.reabilite-se.com\/site\/#\/schema\/person\/9de38cff48ec0b9e1a31404cfe93694d","name":"Fisioterapia"}]}},"_links":{"self":[{"href":"https:\/\/www.reabilite-se.com\/site\/wp-json\/wp\/v2\/posts\/1321"}],"collection":[{"href":"https:\/\/www.reabilite-se.com\/site\/wp-json\/wp\/v2\/posts"}],"about":[{"href":"https:\/\/www.reabilite-se.com\/site\/wp-json\/wp\/v2\/types\/post"}],"author":[{"embeddable":true,"href":"https:\/\/www.reabilite-se.com\/site\/wp-json\/wp\/v2\/users\/2"}],"replies":[{"embeddable":true,"href":"https:\/\/www.reabilite-se.com\/site\/wp-json\/wp\/v2\/comments?post=1321"}],"version-history":[{"count":3,"href":"https:\/\/www.reabilite-se.com\/site\/wp-json\/wp\/v2\/posts\/1321\/revisions"}],"predecessor-version":[{"id":1328,"href":"https:\/\/www.reabilite-se.com\/site\/wp-json\/wp\/v2\/posts\/1321\/revisions\/1328"}],"wp:featuredmedia":[{"embeddable":true,"href":"https:\/\/www.reabilite-se.com\/site\/wp-json\/wp\/v2\/media\/1325"}],"wp:attachment":[{"href":"https:\/\/www.reabilite-se.com\/site\/wp-json\/wp\/v2\/media?parent=1321"}],"wp:term":[{"taxonomy":"category","embeddable":true,"href":"https:\/\/www.reabilite-se.com\/site\/wp-json\/wp\/v2\/categories?post=1321"},{"taxonomy":"post_tag","embeddable":true,"href":"https:\/\/www.reabilite-se.com\/site\/wp-json\/wp\/v2\/tags?post=1321"}],"curies":[{"name":"wp","href":"https:\/\/api.w.org\/{rel}","templated":true}]}}